{"id":3549,"date":"2026-04-26T07:54:46","date_gmt":"2026-04-26T07:54:46","guid":{"rendered":"https:\/\/radioalpendorada.net\/website\/?p=3549"},"modified":"2026-04-26T07:54:46","modified_gmt":"2026-04-26T07:54:46","slug":"tamega-e-sousa-domingo-de-temperaturas-mais-altas-mas-com-previsao-de-aguaceiros-e-trovoada","status":"publish","type":"post","link":"https:\/\/radioalpendorada.net\/website\/2026\/04\/26\/tamega-e-sousa-domingo-de-temperaturas-mais-altas-mas-com-previsao-de-aguaceiros-e-trovoada\/","title":{"rendered":"T\u00e2mega e Sousa: Domingo de temperaturas mais altas, mas com previs\u00e3o de aguaceiros e trovoada"},"content":{"rendered":"<p>O Instituto Portugu\u00eas do Mar e da Atmosfera (IPMA) prev\u00ea para este domingo, 26 de abril, um dia de contrastes para a regi\u00e3o do T\u00e2mega e Sousa. Apesar de se esperar uma ligeira subida das temperaturas, a tarde ser\u00e1 marcada por instabilidade atmosf\u00e9rica, t\u00edpica de primavera.<\/p>\n<p>De acordo com as previs\u00f5es para o interior do pa\u00eds, a manh\u00e3 de domingo dever\u00e1 apresentar-se com c\u00e9u geralmente pouco nublado. No entanto, o cen\u00e1rio vai mudar drasticamente com o avan\u00e7ar das horas.<\/p>\n<p>Para a tarde, o IPMA prev\u00ea um aumento significativo da nebulosidade, que trar\u00e1 consigo aguaceiros e condi\u00e7\u00f5es favor\u00e1veis \u00e0 ocorr\u00eancia de trovoada. O instituto alerta que estes fen\u00f3menos de instabilidade ser\u00e3o mais prov\u00e1veis e intensos nas zonas montanhosas e de maior altitude da regi\u00e3o.<\/p>\n<p>No que diz respeito ao vento, este soprar\u00e1 de forma fraca a moderada (at\u00e9 30 km\/h) predominantemente do quadrante leste, sentindo-se com maior intensidade nas terras altas do T\u00e2mega e Sousa.<\/p>\n<p>Conhe\u00e7a as temperaturas de cada concelho:<\/p>\n<p>Amarante: 11\u00baC &#8211; 29\u00baC<\/p>\n<p>Bai\u00e3o: 12\u00baC &#8211; 24\u00baC<\/p>\n<p>Castelo de Paiva: 11\u00baC &#8211; 26\u00baC<\/p>\n<p>Celorico de Basto: 11\u00baC &#8211; 29\u00baC<\/p>\n<p>Cinf\u00e3es: 14\u00baC &#8211; 25\u00baC<\/p>\n<p>Felgueiras: 12\u00baC &#8211; 27\u00baC<\/p>\n<p>Lousada: 12\u00baC &#8211; 27\u00baC<\/p>\n<p>Marco de Canaveses: 13\u00baC &#8211; 27\u00baC<\/p>\n<p>Pa\u00e7os de Ferreira: 11\u00baC &#8211; 27\u00baC<\/p>\n<p>Paredes: 12\u00baC &#8211; 28\u00baC<\/p>\n<p>Penafiel: 13\u00baC &#8211; 27\u00baC<\/p>\n<p>Resende: 14\u00baC &#8211; 25\u00baC<\/p>\n<p>Sergio Bernardo<\/p>\n","protected":false},"excerpt":{"rendered":"<p>O Instituto Portugu\u00eas do Mar e da Atmosfera (IPMA) prev\u00ea para este domingo, 26 de abril, um dia de contrastes para a regi\u00e3o do T\u00e2mega e Sousa. Apesar de se esperar uma ligeira subida das temperaturas, a tarde ser\u00e1 marcada por instabilidade atmosf\u00e9rica, t\u00edpica de primavera. De acordo com as previs\u00f5es para o interior do&#8230;<\/p>\n","protected":false},"author":3,"featured_media":0,"comment_status":"open","ping_status":"closed","sticky":false,"template":"","format":"standard","meta":{"_monsterinsights_skip_tracking":false,"_monsterinsights_sitenote_active":false,"_monsterinsights_sitenote_note":"","_monsterinsights_sitenote_category":0,"footnotes":""},"categories":[11],"tags":[],"class_list":["post-3549","post","type-post","status-publish","format-standard","hentry","category-noticias"],"aioseo_notices":[],"_links":{"self":[{"href":"https:\/\/radioalpendorada.net\/website\/wp-json\/wp\/v2\/posts\/3549","targetHints":{"allow":["GET"]}}],"collection":[{"href":"https:\/\/radioalpendorada.net\/website\/wp-json\/wp\/v2\/posts"}],"about":[{"href":"https:\/\/radioalpendorada.net\/website\/wp-json\/wp\/v2\/types\/post"}],"author":[{"embeddable":true,"href":"https:\/\/radioalpendorada.net\/website\/wp-json\/wp\/v2\/users\/3"}],"replies":[{"embeddable":true,"href":"https:\/\/radioalpendorada.net\/website\/wp-json\/wp\/v2\/comments?post=3549"}],"version-history":[{"count":1,"href":"https:\/\/radioalpendorada.net\/website\/wp-json\/wp\/v2\/posts\/3549\/revisions"}],"predecessor-version":[{"id":3552,"href":"https:\/\/radioalpendorada.net\/website\/wp-json\/wp\/v2\/posts\/3549\/revisions\/3552"}],"wp:attachment":[{"href":"https:\/\/radioalpendorada.net\/website\/wp-json\/wp\/v2\/media?parent=3549"}],"wp:term":[{"taxonomy":"category","embeddable":true,"href":"https:\/\/radioalpendorada.net\/website\/wp-json\/wp\/v2\/categories?post=3549"},{"taxonomy":"post_tag","embeddable":true,"href":"https:\/\/radioalpendorada.net\/website\/wp-json\/wp\/v2\/tags?post=3549"}],"curies":[{"name":"wp","href":"https:\/\/api.w.org\/{rel}","templated":true}]}}