{"id":3553,"date":"2026-04-27T07:21:03","date_gmt":"2026-04-27T07:21:03","guid":{"rendered":"https:\/\/radioalpendorada.net\/website\/?p=3553"},"modified":"2026-04-27T07:21:03","modified_gmt":"2026-04-27T07:21:03","slug":"tamega-e-sousa-semana-arranca-com-temperaturas-mais-altas-mas-com-alerta-para-trovoada-e-granizo","status":"publish","type":"post","link":"https:\/\/radioalpendorada.net\/website\/2026\/04\/27\/tamega-e-sousa-semana-arranca-com-temperaturas-mais-altas-mas-com-alerta-para-trovoada-e-granizo\/","title":{"rendered":"T\u00e2mega e Sousa: Semana arranca com temperaturas mais altas, mas com alerta para trovoada e granizo"},"content":{"rendered":"<p>A semana vai come\u00e7ar com os term\u00f3metros a registarem uma ligeira subida na regi\u00e3o do T\u00e2mega e Sousa, mas a estabilidade matinal dar\u00e1 lugar a uma tarde tipicamente primaveril e inst\u00e1vel.<\/p>\n<p>O Instituto Portugu\u00eas do Mar e da Atmosfera (IPMA) prev\u00ea, para esta segunda-feira (27 de abril), aguaceiros e condi\u00e7\u00f5es favor\u00e1veis \u00e0 ocorr\u00eancia de trovoada.<\/p>\n<p>De acordo com as previs\u00f5es para o interior e zonas montanhosas do Norte, a manh\u00e3 de segunda-feira dever\u00e1 apresentar-se com o c\u00e9u pouco nublado. No entanto, com o avan\u00e7ar do dia, espera-se um aumento significativo da nebulosidade.<\/p>\n<p>O IPMA deixa os seguintes avisos para a tarde no territ\u00f3rio do T\u00e2mega e Sousa:<\/p>\n<p>Precipita\u00e7\u00e3o e Trovoada: Ocorrer\u00e3o aguaceiros que poder\u00e3o ser acompanhados de trovoada, sendo estes fen\u00f3menos mais prov\u00e1veis e frequentes nas zonas mais montanhosas da regi\u00e3o.<\/p>\n<p>Risco de Granizo: H\u00e1 ainda a possibilidade de os aguaceiros serem sob a forma de granizo.<\/p>\n<p>Vento: Soprar\u00e1 de forma fraca a moderada (at\u00e9 30 km\/h) predominantemente do quadrante leste.<\/p>\n<p>Temperaturas: Prev\u00ea-se uma pequena subida da temperatura m\u00e1xima face ao fim de semana.<\/p>\n<p>Conhe\u00e7a as temperaturas de cada concelho:<\/p>\n<p>Amarante: 12\u00baC &#8211; 28\u00baC<\/p>\n<p>Bai\u00e3o: 12\u00baC &#8211; 23\u00baC<\/p>\n<p>Castelo de Paiva: 11\u00baC &#8211; 26\u00baC<\/p>\n<p>Celorico de Basto: 12\u00baC &#8211; 29\u00baC<\/p>\n<p>Cinf\u00e3es: 13\u00baC &#8211; 25\u00baC<\/p>\n<p>Felgueiras: 12\u00baC &#8211; 26\u00baC<\/p>\n<p>Lousada: 13\u00baC &#8211; 27\u00baC<\/p>\n<p>Marco de Canaveses: 13\u00baC &#8211; 27\u00baC<\/p>\n<p>Pa\u00e7os de Ferreira: 11\u00baC &#8211; 27\u00baC<\/p>\n<p>Paredes: 12\u00baC &#8211; 27\u00baC<\/p>\n<p>Penafiel: 13\u00baC &#8211; 27\u00baC<\/p>\n<p>Resende: 14\u00baC &#8211; 25\u00baC<\/p>\n<p>Sergio Bernardo<\/p>\n","protected":false},"excerpt":{"rendered":"<p>A semana vai come\u00e7ar com os term\u00f3metros a registarem uma ligeira subida na regi\u00e3o do T\u00e2mega e Sousa, mas a estabilidade matinal dar\u00e1 lugar a uma tarde tipicamente primaveril e inst\u00e1vel. O Instituto Portugu\u00eas do Mar e da Atmosfera (IPMA) prev\u00ea, para esta segunda-feira (27 de abril), aguaceiros e condi\u00e7\u00f5es favor\u00e1veis \u00e0 ocorr\u00eancia de trovoada&#8230;.<\/p>\n","protected":false},"author":3,"featured_media":0,"comment_status":"open","ping_status":"closed","sticky":false,"template":"","format":"standard","meta":{"_monsterinsights_skip_tracking":false,"_monsterinsights_sitenote_active":false,"_monsterinsights_sitenote_note":"","_monsterinsights_sitenote_category":0,"footnotes":""},"categories":[11],"tags":[],"class_list":["post-3553","post","type-post","status-publish","format-standard","hentry","category-noticias"],"aioseo_notices":[],"_links":{"self":[{"href":"https:\/\/radioalpendorada.net\/website\/wp-json\/wp\/v2\/posts\/3553","targetHints":{"allow":["GET"]}}],"collection":[{"href":"https:\/\/radioalpendorada.net\/website\/wp-json\/wp\/v2\/posts"}],"about":[{"href":"https:\/\/radioalpendorada.net\/website\/wp-json\/wp\/v2\/types\/post"}],"author":[{"embeddable":true,"href":"https:\/\/radioalpendorada.net\/website\/wp-json\/wp\/v2\/users\/3"}],"replies":[{"embeddable":true,"href":"https:\/\/radioalpendorada.net\/website\/wp-json\/wp\/v2\/comments?post=3553"}],"version-history":[{"count":1,"href":"https:\/\/radioalpendorada.net\/website\/wp-json\/wp\/v2\/posts\/3553\/revisions"}],"predecessor-version":[{"id":3556,"href":"https:\/\/radioalpendorada.net\/website\/wp-json\/wp\/v2\/posts\/3553\/revisions\/3556"}],"wp:attachment":[{"href":"https:\/\/radioalpendorada.net\/website\/wp-json\/wp\/v2\/media?parent=3553"}],"wp:term":[{"taxonomy":"category","embeddable":true,"href":"https:\/\/radioalpendorada.net\/website\/wp-json\/wp\/v2\/categories?post=3553"},{"taxonomy":"post_tag","embeddable":true,"href":"https:\/\/radioalpendorada.net\/website\/wp-json\/wp\/v2\/tags?post=3553"}],"curies":[{"name":"wp","href":"https:\/\/api.w.org\/{rel}","templated":true}]}}