{"id":3557,"date":"2026-04-27T08:58:28","date_gmt":"2026-04-27T08:58:28","guid":{"rendered":"https:\/\/radioalpendorada.net\/website\/?p=3557"},"modified":"2026-04-27T08:58:28","modified_gmt":"2026-04-27T08:58:28","slug":"combustiveis-em-contraciclo-gasoleo-desce-mas-gasolina-fica-mais-cara-esta-semana","status":"publish","type":"post","link":"https:\/\/radioalpendorada.net\/website\/2026\/04\/27\/combustiveis-em-contraciclo-gasoleo-desce-mas-gasolina-fica-mais-cara-esta-semana\/","title":{"rendered":"Combust\u00edveis em contraciclo: Gas\u00f3leo desce, mas gasolina fica mais cara esta semana"},"content":{"rendered":"<p>Na hora de ir \u00e0 bomba esta semana, os condutores portugueses v\u00e3o deparar-se com 2 realidades distintas, consoante o tipo de motor do seu ve\u00edculo. De acordo com as previs\u00f5es do mercado avan\u00e7adas pela &#8216;Executive Digest&#8217;, o gas\u00f3leo vai voltar a ficar mais barato, mas a gasolina contraria a tend\u00eancia e regista um aumento.<\/p>\n<p>Depois de as \u00faltimas semanas terem trazido algum al\u00edvio generalizado aos automobilistas, ap\u00f3s os pre\u00e7os terem atingido o patamar hist\u00f3rico dos 2 euros por litro, a semana que agora arranca ser\u00e1 pautada por um comportamento misto nos postos de abastecimento nacionais.<\/p>\n<p>As varia\u00e7\u00f5es previstas no mercado regular<br \/>\nSegundo fontes do setor contactadas pela referida publica\u00e7\u00e3o econ\u00f3mica, as perspetivas para o in\u00edcio desta semana ditam as seguintes altera\u00e7\u00f5es nos pre\u00e7os de refer\u00eancia:<\/p>\n<p>Gas\u00f3leo: Vai registar uma descida de at\u00e9 1,5 c\u00eantimos por litro.<\/p>\n<p>Gasolina 95: Vai sofrer uma subida de at\u00e9 3,5 c\u00eantimos por litro.<\/p>\n<p>E nos hipermercados? Os postos de marca pr\u00f3pria, geralmente situados junto \u00e0s grandes superf\u00edcies comerciais, costumam seguir a tend\u00eancia do mercado regular, embora com ligeiras nuances nas d\u00e9cimas. Segundo as mesmas fontes, nestes postos prev\u00ea-se uma descida de 0,0323 euros no gas\u00f3leo e um agravamento de 0,0207 euros na gasolina 95.<\/p>\n<p>Quanto vai custar o litro afinal?<br \/>\nCom base nos valores m\u00e9dios praticados na \u00faltima sexta-feira e apurados pela Dire\u00e7\u00e3o-Geral de Energia e Geologia (DGEG), \u00e9 poss\u00edvel antecipar os pre\u00e7os m\u00e9dios que dever\u00e1 encontrar na bomba a partir desta segunda-feira. A boa not\u00edcia \u00e9 que ambos os combust\u00edveis continuam abaixo da barreira psicol\u00f3gica dos dois euros.<\/p>\n<p>Nota: Os pre\u00e7os finais nos postos podem variar consoante a localiza\u00e7\u00e3o, a marca e as campanhas promocionais em vigor.<\/p>\n<p>Sergio Bernardo<\/p>\n","protected":false},"excerpt":{"rendered":"<p>Na hora de ir \u00e0 bomba esta semana, os condutores portugueses v\u00e3o deparar-se com 2 realidades distintas, consoante o tipo de motor do seu ve\u00edculo. De acordo com as previs\u00f5es do mercado avan\u00e7adas pela &#8216;Executive Digest&#8217;, o gas\u00f3leo vai voltar a ficar mais barato, mas a gasolina contraria a tend\u00eancia e regista um aumento. Depois&#8230;<\/p>\n","protected":false},"author":3,"featured_media":0,"comment_status":"open","ping_status":"closed","sticky":false,"template":"","format":"standard","meta":{"_monsterinsights_skip_tracking":false,"_monsterinsights_sitenote_active":false,"_monsterinsights_sitenote_note":"","_monsterinsights_sitenote_category":0,"footnotes":""},"categories":[11],"tags":[],"class_list":["post-3557","post","type-post","status-publish","format-standard","hentry","category-noticias"],"aioseo_notices":[],"_links":{"self":[{"href":"https:\/\/radioalpendorada.net\/website\/wp-json\/wp\/v2\/posts\/3557","targetHints":{"allow":["GET"]}}],"collection":[{"href":"https:\/\/radioalpendorada.net\/website\/wp-json\/wp\/v2\/posts"}],"about":[{"href":"https:\/\/radioalpendorada.net\/website\/wp-json\/wp\/v2\/types\/post"}],"author":[{"embeddable":true,"href":"https:\/\/radioalpendorada.net\/website\/wp-json\/wp\/v2\/users\/3"}],"replies":[{"embeddable":true,"href":"https:\/\/radioalpendorada.net\/website\/wp-json\/wp\/v2\/comments?post=3557"}],"version-history":[{"count":1,"href":"https:\/\/radioalpendorada.net\/website\/wp-json\/wp\/v2\/posts\/3557\/revisions"}],"predecessor-version":[{"id":3560,"href":"https:\/\/radioalpendorada.net\/website\/wp-json\/wp\/v2\/posts\/3557\/revisions\/3560"}],"wp:attachment":[{"href":"https:\/\/radioalpendorada.net\/website\/wp-json\/wp\/v2\/media?parent=3557"}],"wp:term":[{"taxonomy":"category","embeddable":true,"href":"https:\/\/radioalpendorada.net\/website\/wp-json\/wp\/v2\/categories?post=3557"},{"taxonomy":"post_tag","embeddable":true,"href":"https:\/\/radioalpendorada.net\/website\/wp-json\/wp\/v2\/tags?post=3557"}],"curies":[{"name":"wp","href":"https:\/\/api.w.org\/{rel}","templated":true}]}}