{"id":3561,"date":"2026-04-28T07:39:47","date_gmt":"2026-04-28T07:39:47","guid":{"rendered":"https:\/\/radioalpendorada.net\/website\/?p=3561"},"modified":"2026-04-28T07:39:47","modified_gmt":"2026-04-28T07:39:47","slug":"tamega-e-sousa-terca-feira-com-alerta-para-aguaceiros-fortes-granizo-e-trovoada","status":"publish","type":"post","link":"https:\/\/radioalpendorada.net\/website\/2026\/04\/28\/tamega-e-sousa-terca-feira-com-alerta-para-aguaceiros-fortes-granizo-e-trovoada\/","title":{"rendered":"T\u00e2mega e Sousa: Ter\u00e7a-feira com alerta para aguaceiros fortes, granizo e trovoada"},"content":{"rendered":"<p>O interior do pa\u00eds vai ser a zona mais fustigada pela instabilidade meteorol\u00f3gica nesta ter\u00e7a-feira, 28 de abril. De acordo com os dados do IPMA, a regi\u00e3o do T\u00e2mega e Sousa deve preparar-se para um dia de c\u00e9u muito nublado, marcado por epis\u00f3dios de precipita\u00e7\u00e3o severa.<\/p>\n<p>As previs\u00f5es para o territ\u00f3rio interior apontam para um agravamento significativo do estado do tempo a partir do meio da manh\u00e3, estendendo-se com maior intensidade durante o per\u00edodo da tarde.<\/p>\n<p>Os principais destaques da previs\u00e3o para a regi\u00e3o:<\/p>\n<p>Precipita\u00e7\u00e3o intensa: O IPMA prev\u00ea a ocorr\u00eancia de aguaceiros que, no interior, assumir\u00e3o especial intensidade. A chuva poder\u00e1 ser por vezes forte e vir acompanhada da queda de granizo.<\/p>\n<p>Trovoadas: A instabilidade atmosf\u00e9rica trar\u00e1 tamb\u00e9m a ocorr\u00eancia de trovoadas a acompanhar as chuvadas ao longo da tarde.<\/p>\n<p>Vento: Na generalidade do territ\u00f3rio, o vento ser\u00e1 fraco (predominando de leste e rodando depois para oeste). No entanto, nas zonas de terras altas da regi\u00e3o, o vento poder\u00e1 soprar de forma moderada, atingindo rajadas at\u00e9 aos 30 km\/h.<\/p>\n<p>Temperaturas: O dia trar\u00e1 tamb\u00e9m um ligeiro arrefecimento, n\u00e3o sendo, contudo, esperada uma descida muito acentuada das temperaturas m\u00e1ximas (que afeta sobretudo o Centro e Sul do pa\u00eds).<\/p>\n<p>Conhe\u00e7a as temperaturas de cada concelho:<\/p>\n<p>Amarante: 13\u00baC &#8211; 27\u00baC<\/p>\n<p>Bai\u00e3o: 13\u00baC &#8211; 22\u00baC<\/p>\n<p>Castelo de Paiva: 13\u00baC &#8211; 25\u00baC<\/p>\n<p>Celorico de Basto: 13\u00baC &#8211; 25\u00baC<\/p>\n<p>Cinf\u00e3es: 14\u00baC &#8211; 24\u00baC<\/p>\n<p>Felgueiras: 13\u00baC &#8211; 25\u00baC<\/p>\n<p>Lousada: 14\u00baC &#8211; 25\u00baC<\/p>\n<p>Marco de Canaveses: 14\u00baC &#8211; 25\u00baC<\/p>\n<p>Pa\u00e7os de Ferreira: 13\u00baC &#8211; 26\u00baC<\/p>\n<p>Paredes: 14\u00baC &#8211; 26\u00baC<\/p>\n<p>Penafiel: 14\u00baC &#8211; 25\u00baC<\/p>\n<p>Resende: 14\u00baC &#8211; 24\u00baC<\/p>\n<p>Sergio Bernardo<\/p>\n","protected":false},"excerpt":{"rendered":"<p>O interior do pa\u00eds vai ser a zona mais fustigada pela instabilidade meteorol\u00f3gica nesta ter\u00e7a-feira, 28 de abril. De acordo com os dados do IPMA, a regi\u00e3o do T\u00e2mega e Sousa deve preparar-se para um dia de c\u00e9u muito nublado, marcado por epis\u00f3dios de precipita\u00e7\u00e3o severa. As previs\u00f5es para o territ\u00f3rio interior apontam para um&#8230;<\/p>\n","protected":false},"author":3,"featured_media":0,"comment_status":"open","ping_status":"closed","sticky":false,"template":"","format":"standard","meta":{"_monsterinsights_skip_tracking":false,"_monsterinsights_sitenote_active":false,"_monsterinsights_sitenote_note":"","_monsterinsights_sitenote_category":0,"footnotes":""},"categories":[11],"tags":[],"class_list":["post-3561","post","type-post","status-publish","format-standard","hentry","category-noticias"],"aioseo_notices":[],"_links":{"self":[{"href":"https:\/\/radioalpendorada.net\/website\/wp-json\/wp\/v2\/posts\/3561","targetHints":{"allow":["GET"]}}],"collection":[{"href":"https:\/\/radioalpendorada.net\/website\/wp-json\/wp\/v2\/posts"}],"about":[{"href":"https:\/\/radioalpendorada.net\/website\/wp-json\/wp\/v2\/types\/post"}],"author":[{"embeddable":true,"href":"https:\/\/radioalpendorada.net\/website\/wp-json\/wp\/v2\/users\/3"}],"replies":[{"embeddable":true,"href":"https:\/\/radioalpendorada.net\/website\/wp-json\/wp\/v2\/comments?post=3561"}],"version-history":[{"count":1,"href":"https:\/\/radioalpendorada.net\/website\/wp-json\/wp\/v2\/posts\/3561\/revisions"}],"predecessor-version":[{"id":3564,"href":"https:\/\/radioalpendorada.net\/website\/wp-json\/wp\/v2\/posts\/3561\/revisions\/3564"}],"wp:attachment":[{"href":"https:\/\/radioalpendorada.net\/website\/wp-json\/wp\/v2\/media?parent=3561"}],"wp:term":[{"taxonomy":"category","embeddable":true,"href":"https:\/\/radioalpendorada.net\/website\/wp-json\/wp\/v2\/categories?post=3561"},{"taxonomy":"post_tag","embeddable":true,"href":"https:\/\/radioalpendorada.net\/website\/wp-json\/wp\/v2\/tags?post=3561"}],"curies":[{"name":"wp","href":"https:\/\/api.w.org\/{rel}","templated":true}]}}