{"id":3566,"date":"2026-04-29T07:45:22","date_gmt":"2026-04-29T07:45:22","guid":{"rendered":"https:\/\/radioalpendorada.net\/website\/?p=3566"},"modified":"2026-04-29T07:45:22","modified_gmt":"2026-04-29T07:45:22","slug":"tamega-e-sousa-sob-aviso-de-chuva-intensa-trovoadas-e-queda-acentuada-das-temperaturas","status":"publish","type":"post","link":"https:\/\/radioalpendorada.net\/website\/2026\/04\/29\/tamega-e-sousa-sob-aviso-de-chuva-intensa-trovoadas-e-queda-acentuada-das-temperaturas\/","title":{"rendered":"T\u00e2mega e Sousa sob aviso de chuva intensa, trovoadas e queda acentuada das temperaturas"},"content":{"rendered":"<p>A regi\u00e3o do T\u00e2mega e Sousa prepara-se para uma quarta-feira de forte instabilidade meteorol\u00f3gica.<\/p>\n<p>Segundo os dados avan\u00e7ados pelo Instituto Portugu\u00eas do Mar e da Atmosfera (IPMA) para este dia 29 de abril, a regi\u00e3o Norte vai enfrentar um agravamento das condi\u00e7\u00f5es atmosf\u00e9ricas, com impacto direto nos concelhos deste territ\u00f3rio.<\/p>\n<p>O cen\u00e1rio de tempo quente e seco d\u00e1 lugar a um dia marcadamente cinzento e chuvoso. O IPMA destaca os seguintes fen\u00f3menos para a regi\u00e3o:<\/p>\n<p>Chuva e trovoada: Esperam-se per\u00edodos de chuva ou aguaceiros, por vezes fortes e acompanhados de trovoadas, que se dever\u00e3o prolongar at\u00e9 ao final da tarde.<\/p>\n<p>Arrefecimento acentuado: A descida das temperaturas, em especial das m\u00e1ximas, ser\u00e1 muito expressiva nesta regi\u00e3o do interior, pondo fim \u00e0 amea\u00e7a de onda de calor que se vinha a desenhar.<\/p>\n<p>Nevoeiros matinais: H\u00e1 possibilidade de forma\u00e7\u00e3o de neblina ou nevoeiro matinal em alguns locais, um fen\u00f3meno comum nos vales da regi\u00e3o, o que exige cautela redobrada aos automobilistas nas primeiras horas do dia.<\/p>\n<p>Vento: O vento vai soprar de forma fraca a moderada (podendo atingir os 30 km\/h), predominantemente do quadrante sul\/sudoeste.<\/p>\n<p>Conhe\u00e7a as temperaturas de cada concelho:<\/p>\n<p>Amarante: 12\u00baC &#8211; 20\u00baC<\/p>\n<p>Bai\u00e3o: 9\u00baC &#8211; 16\u00baC<\/p>\n<p>Castelo de Paiva: 12\u00baC &#8211; 19\u00baC<\/p>\n<p>Celorico de Basto: 12\u00baC &#8211; 19\u00baC<\/p>\n<p>Cinf\u00e3es: 11\u00baC &#8211; 18\u00baC<\/p>\n<p>Felgueiras: 12\u00baC &#8211; 18\u00baC<\/p>\n<p>Lousada: 12\u00baC &#8211; 18\u00baC<\/p>\n<p>Marco de Canaveses: 12\u00baC &#8211; 19\u00baC<\/p>\n<p>Pa\u00e7os de Ferreira: 12\u00baC &#8211; 17\u00baC<\/p>\n<p>Paredes: 12\u00baC &#8211; 19\u00baC<\/p>\n<p>Penafiel: 12\u00baC &#8211; 18\u00baC<\/p>\n<p>Resende: 11\u00baC &#8211; 18\u00baC<\/p>\n<p>Sergio Bernardo<\/p>\n","protected":false},"excerpt":{"rendered":"<p>A regi\u00e3o do T\u00e2mega e Sousa prepara-se para uma quarta-feira de forte instabilidade meteorol\u00f3gica. Segundo os dados avan\u00e7ados pelo Instituto Portugu\u00eas do Mar e da Atmosfera (IPMA) para este dia 29 de abril, a regi\u00e3o Norte vai enfrentar um agravamento das condi\u00e7\u00f5es atmosf\u00e9ricas, com impacto direto nos concelhos deste territ\u00f3rio. O cen\u00e1rio de tempo quente&#8230;<\/p>\n","protected":false},"author":3,"featured_media":0,"comment_status":"open","ping_status":"closed","sticky":false,"template":"","format":"standard","meta":{"_monsterinsights_skip_tracking":false,"_monsterinsights_sitenote_active":false,"_monsterinsights_sitenote_note":"","_monsterinsights_sitenote_category":0,"footnotes":""},"categories":[11],"tags":[],"class_list":["post-3566","post","type-post","status-publish","format-standard","hentry","category-noticias"],"aioseo_notices":[],"_links":{"self":[{"href":"https:\/\/radioalpendorada.net\/website\/wp-json\/wp\/v2\/posts\/3566","targetHints":{"allow":["GET"]}}],"collection":[{"href":"https:\/\/radioalpendorada.net\/website\/wp-json\/wp\/v2\/posts"}],"about":[{"href":"https:\/\/radioalpendorada.net\/website\/wp-json\/wp\/v2\/types\/post"}],"author":[{"embeddable":true,"href":"https:\/\/radioalpendorada.net\/website\/wp-json\/wp\/v2\/users\/3"}],"replies":[{"embeddable":true,"href":"https:\/\/radioalpendorada.net\/website\/wp-json\/wp\/v2\/comments?post=3566"}],"version-history":[{"count":1,"href":"https:\/\/radioalpendorada.net\/website\/wp-json\/wp\/v2\/posts\/3566\/revisions"}],"predecessor-version":[{"id":3569,"href":"https:\/\/radioalpendorada.net\/website\/wp-json\/wp\/v2\/posts\/3566\/revisions\/3569"}],"wp:attachment":[{"href":"https:\/\/radioalpendorada.net\/website\/wp-json\/wp\/v2\/media?parent=3566"}],"wp:term":[{"taxonomy":"category","embeddable":true,"href":"https:\/\/radioalpendorada.net\/website\/wp-json\/wp\/v2\/categories?post=3566"},{"taxonomy":"post_tag","embeddable":true,"href":"https:\/\/radioalpendorada.net\/website\/wp-json\/wp\/v2\/tags?post=3566"}],"curies":[{"name":"wp","href":"https:\/\/api.w.org\/{rel}","templated":true}]}}